{"id":6210,"date":"2023-08-03T09:24:54","date_gmt":"2023-08-03T08:24:54","guid":{"rendered":"https:\/\/blondynkanadtamiza.blog\/?p=6210"},"modified":"2023-08-05T03:58:37","modified_gmt":"2023-08-05T02:58:37","slug":"bialo-czerwona-szarza-pod-teczowa-bandera","status":"publish","type":"post","link":"https:\/\/blondynkanadtamiza.blog\/index.php\/2023\/08\/03\/bialo-czerwona-szarza-pod-teczowa-bandera\/","title":{"rendered":"Bia\u0142o-czerwona szar\u017ca pod t\u0119czow\u0105 bander\u0105"},"content":{"rendered":"\t\t<div data-elementor-type=\"wp-post\" data-elementor-id=\"6210\" class=\"elementor elementor-6210\" data-elementor-post-type=\"post\">\n\t\t\t\t<div class=\"elementor-element elementor-element-8c77796 e-flex e-con-boxed e-con e-parent\" data-id=\"8c77796\" data-element_type=\"container\" data-e-type=\"container\">\n\t\t\t\t\t<div class=\"e-con-inner\">\n\t\t\t\t<div class=\"elementor-element elementor-element-745a093 elementor-widget elementor-widget-text-editor\" data-id=\"745a093\" data-element_type=\"widget\" data-e-type=\"widget\" data-widget_type=\"text-editor.default\">\n\t\t\t\t<div class=\"elementor-widget-container\">\n\t\t\t\t\t\t\t\t\t<p>Czego\u015b takiego jeszcze nie by\u0142o \u2013 oto bia\u0142o-czerwone \u0142\u0105czy si\u0119 z t\u0119czowym! A wszystko to dzieje si\u0119 oficjalnie, w ramach du\u017cego miejskiego projektu zatwierdzonego przez w\u0142odarzy stolicy. Oczywi\u015bcie ta historyczna unia barw nie jest, p\u00f3ki co, kolejnym cudem nad Wis\u0142\u0105, tylko nad Tamiz\u0105 \u2013 a i \u017caden to cud \u2013 raczej najnowsza londy\u0144ska koncepcja pobo\u017cnego Pakista\u0144czyka \u2013 tutejszego burmistrza Sadiqa Khana. Mowa o Superloop, czyli \u015bwie\u017co, bo w po\u0142owie lipca, wprowadzonej modernizacji systemu transportu miejskiego.<\/p>\t\t\t\t\t\t\t\t<\/div>\n\t\t\t\t<\/div>\n\t\t\t\t\t<\/div>\n\t\t\t\t<\/div>\n\t\t<div class=\"elementor-element elementor-element-cefc074 e-flex e-con-boxed e-con e-parent\" data-id=\"cefc074\" data-element_type=\"container\" data-e-type=\"container\">\n\t\t\t\t\t<div class=\"e-con-inner\">\n\t\t\t\t<div class=\"elementor-element elementor-element-2926a1f elementor-widget elementor-widget-image\" data-id=\"2926a1f\" data-element_type=\"widget\" data-e-type=\"widget\" data-widget_type=\"image.default\">\n\t\t\t\t<div class=\"elementor-widget-container\">\n\t\t\t\t\t\t\t\t\t\t\t\t\t\t\t<img fetchpriority=\"high\" decoding=\"async\" width=\"640\" height=\"853\" src=\"https:\/\/blondynkanadtamiza.blog\/wp-content\/uploads\/2023\/08\/image00009-scaled-e1691013495685-768x1024.jpeg\" class=\"attachment-large size-large wp-image-6220\" alt=\"\" srcset=\"https:\/\/blondynkanadtamiza.blog\/wp-content\/uploads\/2023\/08\/image00009-scaled-e1691013495685-768x1024.jpeg 768w, https:\/\/blondynkanadtamiza.blog\/wp-content\/uploads\/2023\/08\/image00009-scaled-e1691013495685-225x300.jpeg 225w, https:\/\/blondynkanadtamiza.blog\/wp-content\/uploads\/2023\/08\/image00009-scaled-e1691013495685-300x400.jpeg 300w, https:\/\/blondynkanadtamiza.blog\/wp-content\/uploads\/2023\/08\/image00009-scaled-e1691013495685-850x1133.jpeg 850w, https:\/\/blondynkanadtamiza.blog\/wp-content\/uploads\/2023\/08\/image00009-scaled-e1691013495685.jpeg 1023w\" sizes=\"(max-width: 640px) 100vw, 640px\" \/>\t\t\t\t\t\t\t\t\t\t\t\t\t\t\t<\/div>\n\t\t\t\t<\/div>\n\t\t\t\t\t<\/div>\n\t\t\t\t<\/div>\n\t\t<div class=\"elementor-element elementor-element-1a87889 e-flex e-con-boxed e-con e-parent\" data-id=\"1a87889\" data-element_type=\"container\" data-e-type=\"container\">\n\t\t\t\t\t<div class=\"e-con-inner\">\n\t\t\t\t<div class=\"elementor-element elementor-element-d1f558b elementor-widget elementor-widget-text-editor\" data-id=\"d1f558b\" data-element_type=\"widget\" data-e-type=\"widget\" data-widget_type=\"text-editor.default\">\n\t\t\t\t<div class=\"elementor-widget-container\">\n\t\t\t\t\t\t\t\t\t<p>No c\u00f3\u017c, kiedy zacznie si\u0119 analizowa\u0107 pozosta\u0142e szczeg\u00f3\u0142y projektu, szybko okazuje si\u0119, \u017ce bia\u0142o-czerwono\u015b\u0107 nie dotyczy polskiej flagi, a i t\u0119cza sk\u0142ada si\u0119 jedynie z czterech kolor\u00f3w, a nie jak chc\u0105 j\u0105 widzie\u0107 niekt\u00f3rzy nasi rodacy z siedmiu, albo jak chc\u0105 Ci inni \u2013 z sze\u015bciu barw, wi\u0119c nie ma co si\u0119 ekscytowa\u0107 tym symboliczno-kolorystycznym sojuszem. \u00a0<\/p>\t\t\t\t\t\t\t\t<\/div>\n\t\t\t\t<\/div>\n\t\t\t\t\t<\/div>\n\t\t\t\t<\/div>\n\t\t<div class=\"elementor-element elementor-element-2bccd6e e-flex e-con-boxed e-con e-parent\" data-id=\"2bccd6e\" data-element_type=\"container\" data-e-type=\"container\">\n\t\t\t\t\t<div class=\"e-con-inner\">\n\t\t\t\t<div class=\"elementor-element elementor-element-68b2c2b elementor-widget elementor-widget-image\" data-id=\"68b2c2b\" data-element_type=\"widget\" data-e-type=\"widget\" data-widget_type=\"image.default\">\n\t\t\t\t<div class=\"elementor-widget-container\">\n\t\t\t\t\t\t\t\t\t\t\t\t\t\t\t<img decoding=\"async\" width=\"640\" height=\"853\" src=\"https:\/\/blondynkanadtamiza.blog\/wp-content\/uploads\/2023\/08\/image00012-scaled-e1691013666639-768x1024.jpeg\" class=\"attachment-large size-large wp-image-6221\" alt=\"\" srcset=\"https:\/\/blondynkanadtamiza.blog\/wp-content\/uploads\/2023\/08\/image00012-scaled-e1691013666639-768x1024.jpeg 768w, https:\/\/blondynkanadtamiza.blog\/wp-content\/uploads\/2023\/08\/image00012-scaled-e1691013666639-225x300.jpeg 225w, https:\/\/blondynkanadtamiza.blog\/wp-content\/uploads\/2023\/08\/image00012-scaled-e1691013666639-300x400.jpeg 300w, https:\/\/blondynkanadtamiza.blog\/wp-content\/uploads\/2023\/08\/image00012-scaled-e1691013666639-850x1133.jpeg 850w, https:\/\/blondynkanadtamiza.blog\/wp-content\/uploads\/2023\/08\/image00012-scaled-e1691013666639.jpeg 1023w\" sizes=\"(max-width: 640px) 100vw, 640px\" \/>\t\t\t\t\t\t\t\t\t\t\t\t\t\t\t<\/div>\n\t\t\t\t<\/div>\n\t\t\t\t\t<\/div>\n\t\t\t\t<\/div>\n\t\t<div class=\"elementor-element elementor-element-1041c47 e-flex e-con-boxed e-con e-parent\" data-id=\"1041c47\" data-element_type=\"container\" data-e-type=\"container\">\n\t\t\t\t\t<div class=\"e-con-inner\">\n\t\t\t\t<div class=\"elementor-element elementor-element-40d7922 elementor-widget elementor-widget-text-editor\" data-id=\"40d7922\" data-element_type=\"widget\" data-e-type=\"widget\" data-widget_type=\"text-editor.default\">\n\t\t\t\t<div class=\"elementor-widget-container\">\n\t\t\t\t\t\t\t\t\t<p>Prawd\u0119 m\u00f3wi\u0105c, niezwyk\u0142a jak na polskie standardy fuzja bia\u0142o-czerwonego z t\u0119czowym nie by\u0142a celem projektu, (a ju\u017c na pewno nie tym g\u0142\u00f3wnym), bowiem Super-p\u0119tla, oczko w g\u0142owie pana burmistrza ma spe\u0142nia\u0107 kompletnie inne zadania. I je\u015bli jest cokolwiek odjechana, to tylko za spraw\u0105 pojazd\u00f3w, kt\u00f3re s\u0105 g\u0142\u00f3wnym narz\u0119dziem nowego projektu usprawniaj\u0105cego komunikacj\u0119 miejsk\u0105 na terenie Londynu (<a href=\"https:\/\/tfl.gov.uk\/modes\/buses\/superloop\">tutaj)<\/a>.<\/p>\t\t\t\t\t\t\t\t<\/div>\n\t\t\t\t<\/div>\n\t\t\t\t\t<\/div>\n\t\t\t\t<\/div>\n\t\t<div class=\"elementor-element elementor-element-3dad25c e-flex e-con-boxed e-con e-parent\" data-id=\"3dad25c\" data-element_type=\"container\" data-e-type=\"container\">\n\t\t\t\t\t<div class=\"e-con-inner\">\n\t\t\t\t<div class=\"elementor-element elementor-element-ac8643c elementor-widget elementor-widget-image\" data-id=\"ac8643c\" data-element_type=\"widget\" data-e-type=\"widget\" data-widget_type=\"image.default\">\n\t\t\t\t<div class=\"elementor-widget-container\">\n\t\t\t\t\t\t\t\t\t\t\t\t\t\t\t<img decoding=\"async\" width=\"640\" height=\"853\" src=\"https:\/\/blondynkanadtamiza.blog\/wp-content\/uploads\/2023\/08\/image00017-scaled-e1691013142828-768x1024.jpeg\" class=\"attachment-large size-large wp-image-6213\" alt=\"\" srcset=\"https:\/\/blondynkanadtamiza.blog\/wp-content\/uploads\/2023\/08\/image00017-scaled-e1691013142828-768x1024.jpeg 768w, https:\/\/blondynkanadtamiza.blog\/wp-content\/uploads\/2023\/08\/image00017-scaled-e1691013142828-225x300.jpeg 225w, https:\/\/blondynkanadtamiza.blog\/wp-content\/uploads\/2023\/08\/image00017-scaled-e1691013142828-300x400.jpeg 300w, https:\/\/blondynkanadtamiza.blog\/wp-content\/uploads\/2023\/08\/image00017-scaled-e1691013142828-850x1133.jpeg 850w, https:\/\/blondynkanadtamiza.blog\/wp-content\/uploads\/2023\/08\/image00017-scaled-e1691013142828.jpeg 1023w\" sizes=\"(max-width: 640px) 100vw, 640px\" \/>\t\t\t\t\t\t\t\t\t\t\t\t\t\t\t<\/div>\n\t\t\t\t<\/div>\n\t\t\t\t\t<\/div>\n\t\t\t\t<\/div>\n\t\t<div class=\"elementor-element elementor-element-64d1463 e-flex e-con-boxed e-con e-parent\" data-id=\"64d1463\" data-element_type=\"container\" data-e-type=\"container\">\n\t\t\t\t\t<div class=\"e-con-inner\">\n\t\t\t\t<div class=\"elementor-element elementor-element-ad49ab2 elementor-widget elementor-widget-text-editor\" data-id=\"ad49ab2\" data-element_type=\"widget\" data-e-type=\"widget\" data-widget_type=\"text-editor.default\">\n\t\t\t\t<div class=\"elementor-widget-container\">\n\t\t\t\t\t\t\t\t\t<p>Na czym dok\u0142adnie polega koncepcja Super-p\u0119tli? Superloop to projekt sieci 10 ekspresowych tras autobusowych, kt\u00f3re b\u0119d\u0105 opasywa\u0107 ca\u0142\u0105 stolic\u0119 i po\u0142\u0105cz\u0105 kluczowe podmiejskie centra, dworce oraz w\u0119z\u0142y komunikacyjne na obrze\u017cach Londynu. Pan Khan ma nadziej\u0119, \u017ce Superloop \u2013 w wi\u0119kszo\u015bci orbitalna sie\u0107 sk\u0142adaj\u0105ca si\u0119 z siedmiu sekcji podmiejskich oraz trzech \u201eszprych\u201d kieruj\u0105cych si\u0119 do i z centrum Londynu, zapewni alternatyw\u0119 dla ludzi wypchni\u0119tych z samochod\u00f3w przez ekspansj\u0119 ULEZ.<\/p>\t\t\t\t\t\t\t\t<\/div>\n\t\t\t\t<\/div>\n\t\t\t\t\t<\/div>\n\t\t\t\t<\/div>\n\t\t<div class=\"elementor-element elementor-element-56c3f5f e-flex e-con-boxed e-con e-parent\" data-id=\"56c3f5f\" data-element_type=\"container\" data-e-type=\"container\">\n\t\t\t\t\t<div class=\"e-con-inner\">\n\t\t\t\t<div class=\"elementor-element elementor-element-8d57d8f elementor-widget elementor-widget-image\" data-id=\"8d57d8f\" data-element_type=\"widget\" data-e-type=\"widget\" data-widget_type=\"image.default\">\n\t\t\t\t<div class=\"elementor-widget-container\">\n\t\t\t\t\t\t\t\t\t\t\t\t\t\t\t<img loading=\"lazy\" decoding=\"async\" width=\"640\" height=\"449\" src=\"https:\/\/blondynkanadtamiza.blog\/wp-content\/uploads\/2023\/08\/superloop-map-1024x718.jpg\" class=\"attachment-large size-large wp-image-6228\" alt=\"\" srcset=\"https:\/\/blondynkanadtamiza.blog\/wp-content\/uploads\/2023\/08\/superloop-map-1024x718.jpg 1024w, https:\/\/blondynkanadtamiza.blog\/wp-content\/uploads\/2023\/08\/superloop-map-300x210.jpg 300w, https:\/\/blondynkanadtamiza.blog\/wp-content\/uploads\/2023\/08\/superloop-map-768x539.jpg 768w, https:\/\/blondynkanadtamiza.blog\/wp-content\/uploads\/2023\/08\/superloop-map-850x596.jpg 850w, https:\/\/blondynkanadtamiza.blog\/wp-content\/uploads\/2023\/08\/superloop-map.jpg 1101w\" sizes=\"(max-width: 640px) 100vw, 640px\" \/>\t\t\t\t\t\t\t\t\t\t\t\t\t\t\t<\/div>\n\t\t\t\t<\/div>\n\t\t\t\t\t<\/div>\n\t\t\t\t<\/div>\n\t\t<div class=\"elementor-element elementor-element-494f919 e-flex e-con-boxed e-con e-parent\" data-id=\"494f919\" data-element_type=\"container\" data-e-type=\"container\">\n\t\t\t\t\t<div class=\"e-con-inner\">\n\t\t\t\t<div class=\"elementor-element elementor-element-37ddbb9 elementor-widget elementor-widget-text-editor\" data-id=\"37ddbb9\" data-element_type=\"widget\" data-e-type=\"widget\" data-widget_type=\"text-editor.default\">\n\t\t\t\t<div class=\"elementor-widget-container\">\n\t\t\t\t\t\t\t\t\t<p>W listopadzie 2022 roku burmistrz Londynu zapowiedzia\u0142, \u017ce w sierpniu tego roku strefa ultraniskiej emisji (nazywana ULEZ, co mo\u017cna r\u00f3wnie\u017c rozumie\u0107 jako stref\u0119 czystego powietrza) zostanie rozszerzona na ca\u0142e miasto. Jednocze\u015bnie pan mer obieca\u0142, \u017ce sie\u0107 autobusowa poza Londynem powi\u0119kszy si\u0119 o ponad milion kilometr\u00f3w (podobno prace nad pierwszym milionem ju\u017c trwaj\u0105).<\/p>\t\t\t\t\t\t\t\t<\/div>\n\t\t\t\t<\/div>\n\t\t\t\t\t<\/div>\n\t\t\t\t<\/div>\n\t\t<div class=\"elementor-element elementor-element-0c9e1ea e-flex e-con-boxed e-con e-parent\" data-id=\"0c9e1ea\" data-element_type=\"container\" data-e-type=\"container\">\n\t\t\t\t\t<div class=\"e-con-inner\">\n\t\t\t\t<div class=\"elementor-element elementor-element-7977363 elementor-widget elementor-widget-image\" data-id=\"7977363\" data-element_type=\"widget\" data-e-type=\"widget\" data-widget_type=\"image.default\">\n\t\t\t\t<div class=\"elementor-widget-container\">\n\t\t\t\t\t\t\t\t\t\t\t\t\t\t\t<img loading=\"lazy\" decoding=\"async\" width=\"640\" height=\"629\" src=\"https:\/\/blondynkanadtamiza.blog\/wp-content\/uploads\/2023\/08\/superloop-map-2.jpg\" class=\"attachment-large size-large wp-image-6229\" alt=\"\" srcset=\"https:\/\/blondynkanadtamiza.blog\/wp-content\/uploads\/2023\/08\/superloop-map-2.jpg 766w, https:\/\/blondynkanadtamiza.blog\/wp-content\/uploads\/2023\/08\/superloop-map-2-300x295.jpg 300w\" sizes=\"(max-width: 640px) 100vw, 640px\" \/>\t\t\t\t\t\t\t\t\t\t\t\t\t\t\t<\/div>\n\t\t\t\t<\/div>\n\t\t\t\t\t<\/div>\n\t\t\t\t<\/div>\n\t\t<div class=\"elementor-element elementor-element-7c9adfa e-flex e-con-boxed e-con e-parent\" data-id=\"7c9adfa\" data-element_type=\"container\" data-e-type=\"container\">\n\t\t\t\t\t<div class=\"e-con-inner\">\n\t\t\t\t<div class=\"elementor-element elementor-element-5ec125e elementor-widget elementor-widget-text-editor\" data-id=\"5ec125e\" data-element_type=\"widget\" data-e-type=\"widget\" data-widget_type=\"text-editor.default\">\n\t\t\t\t<div class=\"elementor-widget-container\">\n\t\t\t\t\t\t\t\t\t<p>Koncepcja\u00a0\u201eSuperloop\u201d zosta\u0142a og\u0142oszona w 2023 roku i obejmowa\u0142a rebranding i ulepszenia istniej\u0105cych tras autobus\u00f3w ekspresowych w tym roku, a nast\u0119pnie wprowadzenie nowych tras do 2025 roku. Pierwsza us\u0142uga zosta\u0142a uruchomiona niedawno, bo 15 lipca.\u00a0To linia SL8, b\u0119d\u0105ca zmian\u0105 numeracji istniej\u0105cej trasy 607. \u00a0Pozosta\u0142e dziewi\u0119\u0107 z dziesi\u0119ciu tras ma zosta\u0107 oddanych do u\u017cytku w maju przysz\u0142ego roku.<\/p>\t\t\t\t\t\t\t\t<\/div>\n\t\t\t\t<\/div>\n\t\t\t\t\t<\/div>\n\t\t\t\t<\/div>\n\t\t<div class=\"elementor-element elementor-element-8ee1c46 e-flex e-con-boxed e-con e-parent\" data-id=\"8ee1c46\" data-element_type=\"container\" data-e-type=\"container\">\n\t\t\t\t\t<div class=\"e-con-inner\">\n\t\t\t\t<div class=\"elementor-element elementor-element-0d3806c elementor-widget elementor-widget-image\" data-id=\"0d3806c\" data-element_type=\"widget\" data-e-type=\"widget\" data-widget_type=\"image.default\">\n\t\t\t\t<div class=\"elementor-widget-container\">\n\t\t\t\t\t\t\t\t\t\t\t\t\t\t\t<img loading=\"lazy\" decoding=\"async\" width=\"640\" height=\"480\" src=\"https:\/\/blondynkanadtamiza.blog\/wp-content\/uploads\/2023\/08\/image00013-1024x768.jpeg\" class=\"attachment-large size-large wp-image-6232\" alt=\"\" srcset=\"https:\/\/blondynkanadtamiza.blog\/wp-content\/uploads\/2023\/08\/image00013-1024x768.jpeg 1024w, https:\/\/blondynkanadtamiza.blog\/wp-content\/uploads\/2023\/08\/image00013-scaled-e1691050654152-300x225.jpeg 300w, https:\/\/blondynkanadtamiza.blog\/wp-content\/uploads\/2023\/08\/image00013-scaled-e1691050654152-768x576.jpeg 768w, https:\/\/blondynkanadtamiza.blog\/wp-content\/uploads\/2023\/08\/image00013-1536x1152.jpeg 1536w, https:\/\/blondynkanadtamiza.blog\/wp-content\/uploads\/2023\/08\/image00013-2048x1536.jpeg 2048w, https:\/\/blondynkanadtamiza.blog\/wp-content\/uploads\/2023\/08\/image00013-scaled-e1691050654152-850x637.jpeg 850w, https:\/\/blondynkanadtamiza.blog\/wp-content\/uploads\/2023\/08\/image00013-scaled-e1691050654152.jpeg 1023w\" sizes=\"(max-width: 640px) 100vw, 640px\" \/>\t\t\t\t\t\t\t\t\t\t\t\t\t\t\t<\/div>\n\t\t\t\t<\/div>\n\t\t\t\t\t<\/div>\n\t\t\t\t<\/div>\n\t\t<div class=\"elementor-element elementor-element-b0efbc4 e-flex e-con-boxed e-con e-parent\" data-id=\"b0efbc4\" data-element_type=\"container\" data-e-type=\"container\">\n\t\t\t\t\t<div class=\"e-con-inner\">\n\t\t\t\t<div class=\"elementor-element elementor-element-b2c5028 elementor-widget elementor-widget-text-editor\" data-id=\"b2c5028\" data-element_type=\"widget\" data-e-type=\"widget\" data-widget_type=\"text-editor.default\">\n\t\t\t\t<div class=\"elementor-widget-container\">\n\t\t\t\t\t\t\t\t\t<p>Pi\u0119\u0107 lat temu Transport for London rozpocz\u0105\u0142 polityk\u0119 ograniczania us\u0142ug autobusowych w centrum Londynu, t\u0142umacz\u0105c to spadkiem liczby pasa\u017cer\u00f3w. W zamian TFL ma w planach zwi\u0119kszenie us\u0142ug na przedmie\u015bciach miasta.\u00a0<\/p>\t\t\t\t\t\t\t\t<\/div>\n\t\t\t\t<\/div>\n\t\t\t\t\t<\/div>\n\t\t\t\t<\/div>\n\t\t<div class=\"elementor-element elementor-element-6496a27 e-flex e-con-boxed e-con e-parent\" data-id=\"6496a27\" data-element_type=\"container\" data-e-type=\"container\">\n\t\t\t\t\t<div class=\"e-con-inner\">\n\t\t\t\t<div class=\"elementor-element elementor-element-d0959d0 elementor-widget elementor-widget-image\" data-id=\"d0959d0\" data-element_type=\"widget\" data-e-type=\"widget\" data-widget_type=\"image.default\">\n\t\t\t\t<div class=\"elementor-widget-container\">\n\t\t\t\t\t\t\t\t\t\t\t\t\t\t\t<img loading=\"lazy\" decoding=\"async\" width=\"640\" height=\"480\" src=\"https:\/\/blondynkanadtamiza.blog\/wp-content\/uploads\/2023\/08\/image00004-1024x768.jpeg\" class=\"attachment-large size-large wp-image-6230\" alt=\"\" srcset=\"https:\/\/blondynkanadtamiza.blog\/wp-content\/uploads\/2023\/08\/image00004-1024x768.jpeg 1024w, https:\/\/blondynkanadtamiza.blog\/wp-content\/uploads\/2023\/08\/image00004-scaled-e1691050748480-300x225.jpeg 300w, https:\/\/blondynkanadtamiza.blog\/wp-content\/uploads\/2023\/08\/image00004-scaled-e1691050748480-768x576.jpeg 768w, https:\/\/blondynkanadtamiza.blog\/wp-content\/uploads\/2023\/08\/image00004-1536x1152.jpeg 1536w, https:\/\/blondynkanadtamiza.blog\/wp-content\/uploads\/2023\/08\/image00004-2048x1536.jpeg 2048w, https:\/\/blondynkanadtamiza.blog\/wp-content\/uploads\/2023\/08\/image00004-scaled-e1691050748480-850x637.jpeg 850w, https:\/\/blondynkanadtamiza.blog\/wp-content\/uploads\/2023\/08\/image00004-scaled-e1691050748480.jpeg 1023w\" sizes=\"(max-width: 640px) 100vw, 640px\" \/>\t\t\t\t\t\t\t\t\t\t\t\t\t\t\t<\/div>\n\t\t\t\t<\/div>\n\t\t\t\t\t<\/div>\n\t\t\t\t<\/div>\n\t\t<div class=\"elementor-element elementor-element-e758f94 e-flex e-con-boxed e-con e-parent\" data-id=\"e758f94\" data-element_type=\"container\" data-e-type=\"container\">\n\t\t\t\t\t<div class=\"e-con-inner\">\n\t\t\t\t<div class=\"elementor-element elementor-element-0e8758f elementor-widget elementor-widget-text-editor\" data-id=\"0e8758f\" data-element_type=\"widget\" data-e-type=\"widget\" data-widget_type=\"text-editor.default\">\n\t\t\t\t<div class=\"elementor-widget-container\">\n\t\t\t\t\t\t\t\t\t<p>Trasy Superloop w ramach nowego systemu b\u0119d\u0105 mia\u0142y numery linii autobusowych SL1, SL2, SL3 do SL10. S\u0105 one przypisywane zgodnie z ruchem wskaz\u00f3wek zegara wok\u00f3\u0142 Londynu od North Finchley. Wygl\u0105da to mniej wi\u0119cej tak:<\/p>\t\t\t\t\t\t\t\t<\/div>\n\t\t\t\t<\/div>\n\t\t\t\t\t<\/div>\n\t\t\t\t<\/div>\n\t\t<div class=\"elementor-element elementor-element-9d4778a e-flex e-con-boxed e-con e-parent\" data-id=\"9d4778a\" data-element_type=\"container\" data-e-type=\"container\">\n\t\t\t\t\t<div class=\"e-con-inner\">\n\t\t\t\t<div class=\"elementor-element elementor-element-ebfe256 elementor-widget elementor-widget-image\" data-id=\"ebfe256\" data-element_type=\"widget\" data-e-type=\"widget\" data-widget_type=\"image.default\">\n\t\t\t\t<div class=\"elementor-widget-container\">\n\t\t\t\t\t\t\t\t\t\t\t\t\t\t\t<img loading=\"lazy\" decoding=\"async\" width=\"640\" height=\"364\" src=\"https:\/\/blondynkanadtamiza.blog\/wp-content\/uploads\/2023\/08\/superloop-list-1024x583.jpg\" class=\"attachment-large size-large wp-image-6235\" alt=\"\" srcset=\"https:\/\/blondynkanadtamiza.blog\/wp-content\/uploads\/2023\/08\/superloop-list-1024x583.jpg 1024w, https:\/\/blondynkanadtamiza.blog\/wp-content\/uploads\/2023\/08\/superloop-list-300x171.jpg 300w, https:\/\/blondynkanadtamiza.blog\/wp-content\/uploads\/2023\/08\/superloop-list-768x437.jpg 768w, https:\/\/blondynkanadtamiza.blog\/wp-content\/uploads\/2023\/08\/superloop-list-850x484.jpg 850w, https:\/\/blondynkanadtamiza.blog\/wp-content\/uploads\/2023\/08\/superloop-list.jpg 1215w\" sizes=\"(max-width: 640px) 100vw, 640px\" \/>\t\t\t\t\t\t\t\t\t\t\t\t\t\t\t<\/div>\n\t\t\t\t<\/div>\n\t\t\t\t\t<\/div>\n\t\t\t\t<\/div>\n\t\t<div class=\"elementor-element elementor-element-7f75608 e-flex e-con-boxed e-con e-parent\" data-id=\"7f75608\" data-element_type=\"container\" data-e-type=\"container\">\n\t\t\t\t\t<div class=\"e-con-inner\">\n\t\t\t\t<div class=\"elementor-element elementor-element-ba13542 elementor-widget elementor-widget-text-editor\" data-id=\"ba13542\" data-element_type=\"widget\" data-e-type=\"widget\" data-widget_type=\"text-editor.default\">\n\t\t\t\t<div class=\"elementor-widget-container\">\n\t\t\t\t\t\t\t\t\t<p>I cho\u0107 z mojego punktu widzenia, p\u00f3ki co, korzy\u015b\u0107 z tej zmiany jest \u017cadna, bo wszystko opr\u00f3cz dawnego numeru autobusu 607 zosta\u0142o po staremu, (sp\u00f3\u017ania si\u0119 tak samo, stoi w korkach r\u00f3wnie d\u0142ugo itd.), to jednak widok bia\u0142o-czerwonych Double-decker bus\u00f3w, okr\u0105\u017caj\u0105cych b\u0105d\u017a przecinaj\u0105cych Londyn, mo\u017ce by\u0107 dla polskiego patrioty pewnym pokrzepieniem.<\/p>\t\t\t\t\t\t\t\t<\/div>\n\t\t\t\t<\/div>\n\t\t\t\t\t<\/div>\n\t\t\t\t<\/div>\n\t\t<div class=\"elementor-element elementor-element-6d40037 e-flex e-con-boxed e-con e-parent\" data-id=\"6d40037\" data-element_type=\"container\" data-e-type=\"container\">\n\t\t\t\t\t<div class=\"e-con-inner\">\n\t\t\t\t<div class=\"elementor-element elementor-element-55d0167 elementor-widget elementor-widget-image\" data-id=\"55d0167\" data-element_type=\"widget\" data-e-type=\"widget\" data-widget_type=\"image.default\">\n\t\t\t\t<div class=\"elementor-widget-container\">\n\t\t\t\t\t\t\t\t\t\t\t\t\t\t\t<img loading=\"lazy\" decoding=\"async\" width=\"640\" height=\"853\" src=\"https:\/\/blondynkanadtamiza.blog\/wp-content\/uploads\/2023\/08\/image00001-scaled-e1691013451604-768x1024.jpeg\" class=\"attachment-large size-large wp-image-6211\" alt=\"\" srcset=\"https:\/\/blondynkanadtamiza.blog\/wp-content\/uploads\/2023\/08\/image00001-scaled-e1691013451604-768x1024.jpeg 768w, https:\/\/blondynkanadtamiza.blog\/wp-content\/uploads\/2023\/08\/image00001-scaled-e1691013451604-225x300.jpeg 225w, https:\/\/blondynkanadtamiza.blog\/wp-content\/uploads\/2023\/08\/image00001-scaled-e1691013451604-300x400.jpeg 300w, https:\/\/blondynkanadtamiza.blog\/wp-content\/uploads\/2023\/08\/image00001-scaled-e1691013451604-850x1133.jpeg 850w, https:\/\/blondynkanadtamiza.blog\/wp-content\/uploads\/2023\/08\/image00001-scaled-e1691013451604.jpeg 1023w\" sizes=\"(max-width: 640px) 100vw, 640px\" \/>\t\t\t\t\t\t\t\t\t\t\t\t\t\t\t<\/div>\n\t\t\t\t<\/div>\n\t\t\t\t\t<\/div>\n\t\t\t\t<\/div>\n\t\t<div class=\"elementor-element elementor-element-9aaa85b e-flex e-con-boxed e-con e-parent\" data-id=\"9aaa85b\" data-element_type=\"container\" data-e-type=\"container\">\n\t\t\t\t\t<div class=\"e-con-inner\">\n\t\t\t\t<div class=\"elementor-element elementor-element-58a917a elementor-widget elementor-widget-text-editor\" data-id=\"58a917a\" data-element_type=\"widget\" data-e-type=\"widget\" data-widget_type=\"text-editor.default\">\n\t\t\t\t<div class=\"elementor-widget-container\">\n\t\t\t\t\t\t\t\t\t<p>Je\u015bli ten post albo m\u00f3j blog spodoba\u0142 Ci si\u0119 na tyle, \u017ceby postawi\u0107 mi symboliczn\u0105 angielsk\u0105 herbatk\u0119 albo kieliszek prosecco, (kt\u00f3re pij\u0119 jak herbatk\u0119), to wystarczy, \u017ce klikniesz przycisk poni\u017cej.<\/p>\t\t\t\t\t\t\t\t<\/div>\n\t\t\t\t<\/div>\n\t\t\t\t\t<\/div>\n\t\t\t\t<\/div>\n\t\t<div class=\"elementor-element elementor-element-61134ff e-flex e-con-boxed e-con e-parent\" data-id=\"61134ff\" data-element_type=\"container\" data-e-type=\"container\">\n\t\t\t\t\t<div class=\"e-con-inner\">\n\t\t\t\t<div class=\"elementor-element elementor-element-7b723a8 elementor-widget elementor-widget-wp-widget-paypal_donations\" data-id=\"7b723a8\" data-element_type=\"widget\" data-e-type=\"widget\" data-widget_type=\"wp-widget-paypal_donations.default\">\n\t\t\t\t<div class=\"elementor-widget-container\">\n\t\t\t\t\t<!-- Begin PayPal Donations by https:\/\/www.tipsandtricks-hq.com\/paypal-donations-widgets-plugin -->\n\n<form action=\"https:\/\/www.paypal.com\/cgi-bin\/webscr\" method=\"post\" target=\"_blank\">\n    <div class=\"paypal-donations\">\n        <input type=\"hidden\" name=\"cmd\" value=\"_donations\" \/>\n        <input type=\"hidden\" name=\"bn\" value=\"TipsandTricks_SP\" \/>\n        <input type=\"hidden\" name=\"business\" value=\"tuckania@gmail.com\" \/>\n        <input type=\"hidden\" name=\"amount\" value=\"5\" \/>\n        <input type=\"hidden\" name=\"rm\" value=\"0\" \/>\n        <input type=\"hidden\" name=\"currency_code\" value=\"GBP\" \/>\n        <input type=\"image\" style=\"cursor: pointer;\" src=\"https:\/\/www.paypalobjects.com\/en_US\/i\/btn\/btn_donateCC_LG.gif\" name=\"submit\" alt=\"PayPal - The safer, easier way to pay online.\" \/>\n        <img loading=\"lazy\" decoding=\"async\" alt=\"\" src=\"https:\/\/www.paypalobjects.com\/en_US\/i\/scr\/pixel.gif\" width=\"1\" height=\"1\" \/>\n    <\/div>\n<\/form>\n<!-- End PayPal Donations -->\n\t\t\t\t<\/div>\n\t\t\t\t<\/div>\n\t\t\t\t\t<\/div>\n\t\t\t\t<\/div>\n\t\t<div class=\"elementor-element elementor-element-018ce1c e-flex e-con-boxed e-con e-parent\" data-id=\"018ce1c\" data-element_type=\"container\" data-e-type=\"container\">\n\t\t\t\t\t<div class=\"e-con-inner\">\n\t\t\t\t<div class=\"elementor-element elementor-element-c6b94cf elementor-widget elementor-widget-text-editor\" data-id=\"c6b94cf\" data-element_type=\"widget\" data-e-type=\"widget\" data-widget_type=\"text-editor.default\">\n\t\t\t\t<div class=\"elementor-widget-container\">\n\t\t\t\t\t\t\t\t\t<p>Dzi\u0119kuj\u0119 i obiecuj\u0119, \u017ce wznios\u0119 toast za Twoje zdrowie (tak\u017ce herbatk\u0105, jak b\u0119dzie trzeba)!<\/p>\t\t\t\t\t\t\t\t<\/div>\n\t\t\t\t<\/div>\n\t\t\t\t\t<\/div>\n\t\t\t\t<\/div>\n\t\t<div class=\"elementor-element elementor-element-8cb3af0 e-flex e-con-boxed e-con e-parent\" data-id=\"8cb3af0\" data-element_type=\"container\" data-e-type=\"container\">\n\t\t\t\t\t<div class=\"e-con-inner\">\n\t\t\t\t<div class=\"elementor-element elementor-element-b2e5e8c gallery-spacing-custom elementor-widget elementor-widget-image-gallery\" data-id=\"b2e5e8c\" data-element_type=\"widget\" data-e-type=\"widget\" data-widget_type=\"image-gallery.default\">\n\t\t\t\t<div class=\"elementor-widget-container\">\n\t\t\t\t\t\t\t<div class=\"elementor-image-gallery\">\n\t\t\t<div id='gallery-1' class='gallery galleryid-6210 gallery-columns-2 gallery-size-large'><figure class='gallery-item'>\n\t\t\t<div class='gallery-icon portrait'>\n\t\t\t\t<a data-elementor-open-lightbox=\"yes\" data-elementor-lightbox-slideshow=\"b2e5e8c\" data-elementor-lightbox-title=\"IMG-5287\" data-e-action-hash=\"#elementor-action%3Aaction%3Dlightbox%26settings%3DeyJpZCI6NDk2MCwidXJsIjoiaHR0cHM6XC9cL2Jsb25keW5rYW5hZHRhbWl6YS5ibG9nXC93cC1jb250ZW50XC91cGxvYWRzXC8yMDIzXC8wNVwvSU1HLTUyODcuanBnIiwic2xpZGVzaG93IjoiYjJlNWU4YyJ9\" href='https:\/\/blondynkanadtamiza.blog\/wp-content\/uploads\/2023\/05\/IMG-5287.jpg'><img loading=\"lazy\" decoding=\"async\" width=\"640\" height=\"853\" src=\"https:\/\/blondynkanadtamiza.blog\/wp-content\/uploads\/2023\/05\/IMG-5287-768x1024.jpg\" class=\"attachment-large size-large\" alt=\"\" srcset=\"https:\/\/blondynkanadtamiza.blog\/wp-content\/uploads\/2023\/05\/IMG-5287-768x1024.jpg 768w, https:\/\/blondynkanadtamiza.blog\/wp-content\/uploads\/2023\/05\/IMG-5287-225x300.jpg 225w, https:\/\/blondynkanadtamiza.blog\/wp-content\/uploads\/2023\/05\/IMG-5287-1152x1536.jpg 1152w, https:\/\/blondynkanadtamiza.blog\/wp-content\/uploads\/2023\/05\/IMG-5287-300x400.jpg 300w, https:\/\/blondynkanadtamiza.blog\/wp-content\/uploads\/2023\/05\/IMG-5287-850x1133.jpg 850w, https:\/\/blondynkanadtamiza.blog\/wp-content\/uploads\/2023\/05\/IMG-5287.jpg 1350w\" sizes=\"(max-width: 640px) 100vw, 640px\" \/><\/a>\n\t\t\t<\/div><\/figure><figure class='gallery-item'>\n\t\t\t<div class='gallery-icon portrait'>\n\t\t\t\t<a data-elementor-open-lightbox=\"yes\" data-elementor-lightbox-slideshow=\"b2e5e8c\" data-elementor-lightbox-title=\"IMG-1942\" data-e-action-hash=\"#elementor-action%3Aaction%3Dlightbox%26settings%3DeyJpZCI6NDk1OSwidXJsIjoiaHR0cHM6XC9cL2Jsb25keW5rYW5hZHRhbWl6YS5ibG9nXC93cC1jb250ZW50XC91cGxvYWRzXC8yMDIzXC8wNVwvSU1HLTE5NDIuanBnIiwic2xpZGVzaG93IjoiYjJlNWU4YyJ9\" href='https:\/\/blondynkanadtamiza.blog\/wp-content\/uploads\/2023\/05\/IMG-1942.jpg'><img loading=\"lazy\" decoding=\"async\" width=\"640\" height=\"853\" src=\"https:\/\/blondynkanadtamiza.blog\/wp-content\/uploads\/2023\/05\/IMG-1942.jpg\" class=\"attachment-large size-large\" alt=\"\" srcset=\"https:\/\/blondynkanadtamiza.blog\/wp-content\/uploads\/2023\/05\/IMG-1942.jpg 720w, https:\/\/blondynkanadtamiza.blog\/wp-content\/uploads\/2023\/05\/IMG-1942-225x300.jpg 225w, https:\/\/blondynkanadtamiza.blog\/wp-content\/uploads\/2023\/05\/IMG-1942-300x400.jpg 300w\" sizes=\"(max-width: 640px) 100vw, 640px\" \/><\/a>\n\t\t\t<\/div><\/figure>\n\t\t<\/div>\n\t\t<\/div>\n\t\t\t\t\t\t<\/div>\n\t\t\t\t<\/div>\n\t\t\t\t\t<\/div>\n\t\t\t\t<\/div>\n\t\t\t\t<\/div>\n\t\t","protected":false},"excerpt":{"rendered":"<p>Czego\u015b takiego jeszcze nie by\u0142o \u2013 oto bia\u0142o-czerwone \u0142\u0105czy si\u0119 z t\u0119czowym! A wszystko to dzieje si\u0119 oficjalnie, w ramach du\u017cego miejskiego projektu zatwierdzonego przez w\u0142odarzy stolicy. Oczywi\u015bcie ta historyczna unia barw nie jest, p\u00f3ki co, kolejnym cudem nad Wis\u0142\u0105, tylko nad Tamiz\u0105 \u2013 a i \u017caden to cud \u2013 raczej najnowsza londy\u0144ska koncepcja pobo\u017cnego&#8230;<\/p>\n","protected":false},"author":2,"featured_media":6212,"comment_status":"open","ping_status":"open","sticky":false,"template":"","format":"standard","meta":{"footnotes":""},"categories":[21],"tags":[],"class_list":["post-6210","post","type-post","status-publish","format-standard","has-post-thumbnail","hentry","category-zaglada"],"_links":{"self":[{"href":"https:\/\/blondynkanadtamiza.blog\/index.php\/wp-json\/wp\/v2\/posts\/6210","targetHints":{"allow":["GET"]}}],"collection":[{"href":"https:\/\/blondynkanadtamiza.blog\/index.php\/wp-json\/wp\/v2\/posts"}],"about":[{"href":"https:\/\/blondynkanadtamiza.blog\/index.php\/wp-json\/wp\/v2\/types\/post"}],"author":[{"embeddable":true,"href":"https:\/\/blondynkanadtamiza.blog\/index.php\/wp-json\/wp\/v2\/users\/2"}],"replies":[{"embeddable":true,"href":"https:\/\/blondynkanadtamiza.blog\/index.php\/wp-json\/wp\/v2\/comments?post=6210"}],"version-history":[{"count":22,"href":"https:\/\/blondynkanadtamiza.blog\/index.php\/wp-json\/wp\/v2\/posts\/6210\/revisions"}],"predecessor-version":[{"id":6247,"href":"https:\/\/blondynkanadtamiza.blog\/index.php\/wp-json\/wp\/v2\/posts\/6210\/revisions\/6247"}],"wp:featuredmedia":[{"embeddable":true,"href":"https:\/\/blondynkanadtamiza.blog\/index.php\/wp-json\/wp\/v2\/media\/6212"}],"wp:attachment":[{"href":"https:\/\/blondynkanadtamiza.blog\/index.php\/wp-json\/wp\/v2\/media?parent=6210"}],"wp:term":[{"taxonomy":"category","embeddable":true,"href":"https:\/\/blondynkanadtamiza.blog\/index.php\/wp-json\/wp\/v2\/categories?post=6210"},{"taxonomy":"post_tag","embeddable":true,"href":"https:\/\/blondynkanadtamiza.blog\/index.php\/wp-json\/wp\/v2\/tags?post=6210"}],"curies":[{"name":"wp","href":"https:\/\/api.w.org\/{rel}","templated":true}]}}